{"id":311,"date":"2023-09-11T20:00:29","date_gmt":"2023-09-11T19:00:29","guid":{"rendered":"https:\/\/centredacim.com\/?p=311"},"modified":"2024-02-17T16:11:23","modified_gmt":"2024-02-17T16:11:23","slug":"couleur-de-personnalite","status":"publish","type":"post","link":"https:\/\/centredacim.com\/index.php\/2023\/09\/11\/couleur-de-personnalite\/","title":{"rendered":"Couleur de personnalit\u00e9"},"content":{"rendered":"\n<p class=\"has-text-align-center has-main-3-color has-text-color has-huge-font-size\"><strong>Dimanche, le 25 f\u00e9vrier 2024 \u00e0 14h30-16h20<\/strong><\/p>\n\n\n\n<figure class=\"wp-block-image size-full is-resized\"><img decoding=\"async\" loading=\"lazy\" width=\"580\" height=\"539\" src=\"https:\/\/centredacim.com\/wp-content\/uploads\/2024\/02\/64fb36c732d738433813.png\" alt=\"\" class=\"wp-image-658\" style=\"aspect-ratio:1.0760667903525047;width:632px;height:auto\" srcset=\"https:\/\/centredacim.com\/wp-content\/uploads\/2024\/02\/64fb36c732d738433813.png 580w, https:\/\/centredacim.com\/wp-content\/uploads\/2024\/02\/64fb36c732d738433813-300x279.png 300w\" sizes=\"(max-width: 580px) 100vw, 580px\" \/><\/figure>\n\n\n\n<div style=\"height:100px\" aria-hidden=\"true\" class=\"wp-block-spacer\"><\/div>\n\n\n\n<p>Quelle est ta v\u00e9ritable couleur de personnalit\u00e9?&nbsp;<br>Saviez-vous que la couleur des v\u00eatements et accessoires que vous portez au quotidien a un impact sur votre beaut\u00e9 et votre sant\u00e9 physique ? Trouvez la couleur qui vous convient et donnez-vous de la vitalit\u00e9!&nbsp;<\/p>\n\n\n\n<p><strong>Conf\u00e9rence (1h20) + Apprentissage de teinture avec votre propre couleur  sur le sac r\u00e9utilisable en coton (30m)&nbsp;<\/strong><\/p>\n\n\n\n<ul>\n<li>Frais de participation r\u00e9gulier : 30 $ (Mat\u00e9riel inclus)&nbsp;<\/li>\n\n\n\n<li>Pour assurer le bon d\u00e9roulement de l&#8217;activit\u00e9, vous devez payer les frais de participation par E-transfer au moins 4 jours (96 heures) avant le d\u00e9but de l&#8217;\u00e9v\u00e9nement.<\/li>\n\n\n\n<li>Places limit\u00e9es : 12 personnes maximum<\/li>\n<\/ul>\n\n\n\n<p><br>Veuillez nous contacter \u00e0 l\u2019adresse&nbsp;<a href=\"mailto:info@centredacim.com\" target=\"_blank\" rel=\"noopener\" title=\"\">info@centredacim.com<\/a>&nbsp;ou au num\u00e9ro&nbsp;<strong>514-638-5919<\/strong>&nbsp;pour avoir plus d\u2019informations<\/p>\n\n\n\n<div style=\"height:100px\" aria-hidden=\"true\" class=\"wp-block-spacer\"><\/div>\n","protected":false},"excerpt":{"rendered":"<p>Dimanche, le 25 f\u00e9vrier 2024 \u00e0 14h30-16h20 Quelle est ta v\u00e9ritable couleur de personnalit\u00e9?&nbsp;Saviez-vous que la couleur des v\u00eatements et<span class=\"more-dots\">&#8230;<\/span> <span class=\"more-tag d-block mt-15\"><a class=\"more-link wp-block-button__link icon-inline\" href=\"https:\/\/centredacim.com\/index.php\/2023\/09\/11\/couleur-de-personnalite\/\">en savoir plus...<span class=\"screen-reader-text\"> \"Couleur de personnalit\u00e9\"<\/span><\/a><\/span><!-- .more-tag --><\/p>\n","protected":false},"author":1,"featured_media":0,"comment_status":"closed","ping_status":"closed","sticky":false,"template":"","format":"standard","meta":{"_monsterinsights_skip_tracking":false,"_monsterinsights_sitenote_active":false,"_monsterinsights_sitenote_note":"","_monsterinsights_sitenote_category":0,"footnotes":""},"categories":[9],"tags":[],"aioseo_notices":[],"_links":{"self":[{"href":"https:\/\/centredacim.com\/index.php\/wp-json\/wp\/v2\/posts\/311"}],"collection":[{"href":"https:\/\/centredacim.com\/index.php\/wp-json\/wp\/v2\/posts"}],"about":[{"href":"https:\/\/centredacim.com\/index.php\/wp-json\/wp\/v2\/types\/post"}],"author":[{"embeddable":true,"href":"https:\/\/centredacim.com\/index.php\/wp-json\/wp\/v2\/users\/1"}],"replies":[{"embeddable":true,"href":"https:\/\/centredacim.com\/index.php\/wp-json\/wp\/v2\/comments?post=311"}],"version-history":[{"count":9,"href":"https:\/\/centredacim.com\/index.php\/wp-json\/wp\/v2\/posts\/311\/revisions"}],"predecessor-version":[{"id":661,"href":"https:\/\/centredacim.com\/index.php\/wp-json\/wp\/v2\/posts\/311\/revisions\/661"}],"wp:attachment":[{"href":"https:\/\/centredacim.com\/index.php\/wp-json\/wp\/v2\/media?parent=311"}],"wp:term":[{"taxonomy":"category","embeddable":true,"href":"https:\/\/centredacim.com\/index.php\/wp-json\/wp\/v2\/categories?post=311"},{"taxonomy":"post_tag","embeddable":true,"href":"https:\/\/centredacim.com\/index.php\/wp-json\/wp\/v2\/tags?post=311"}],"curies":[{"name":"wp","href":"https:\/\/api.w.org\/{rel}","templated":true}]}}