{"id":583,"date":"2023-09-14T05:11:21","date_gmt":"2023-09-14T04:11:21","guid":{"rendered":"https:\/\/centredacim.com\/?p=583"},"modified":"2023-09-14T05:12:12","modified_gmt":"2023-09-14T04:12:12","slug":"la-ceremonie-du-the","status":"publish","type":"post","link":"https:\/\/centredacim.com\/index.php\/2023\/09\/14\/la-ceremonie-du-the\/","title":{"rendered":"La c\u00e9r\u00e9monie du th\u00e9"},"content":{"rendered":"\n<p class=\"has-text-align-center has-main-3-color has-text-color has-huge-font-size\"><strong>Samedi, le 7 octobre 2023 \u00e0 9h30-11h30<\/strong><\/p>\n\n\n\n<p><\/p>\n\n\n\n<p>\u00ab&nbsp;La c\u00e9r\u00e9monie du th\u00e9&nbsp;\u00bb ne signifie pas simplement le processus de boire du th\u00e9. C\u2019est un moment de m\u00e9ditation pour la personne qui pr\u00e9pare le th\u00e9 afin de contr\u00f4ler son esprit en suivant le processus de pr\u00e9paration. Et en m\u00eame temps, c\u2019est un processus sinc\u00e8re qui permet d\u2019observer l\u2019\u00e9tiquette de la personne qui sert le th\u00e9.&nbsp;<br>Aujourd\u2019hui, cette c\u00e9r\u00e9monie a \u00e9t\u00e9 mise en lumi\u00e8re comme un temps pour les rituels et un temps pour se r\u00e9conforter et prendre soin de soi pour les contemporains qui sont occup\u00e9s \u00e0 travailler, \u00e0 bouger et \u00e0 consommer de l\u2019\u00e9nergie au quotidien. Gr\u00e2ce \u00e0 ce nouveau temps de m\u00e9ditation, ce sera un moment pour vous r\u00e9conforter, pour vous gu\u00e9rir ainsi que pour apprendre l\u2019essence de la culture cor\u00e9enne.<\/p>\n\n\n\n<ul>\n<li>Frais de participation r\u00e9gulier : 30 $ (ingr\u00e9dients alimentaires inclus)&nbsp;<\/li>\n\n\n\n<li>Pour assurer le meilleur d\u00e9roulement de l\u2019activit\u00e9, vous devez payer les frais de participation par E-transfer au moins 4 jours (96 heures) avant le d\u00e9but de l\u2019\u00e9v\u00e9nement.<\/li>\n\n\n\n<li>Places limit\u00e9es : 6 personnes maximum<\/li>\n<\/ul>\n\n\n\n<p>Veuillez nous contacter \u00e0 l\u2019adresse\u00a0<a href=\"mailto:info@centredacim.com\" target=\"_blank\" rel=\"noreferrer noopener\">info@centredacim.com<\/a>\u00a0ou au num\u00e9ro\u00a0<strong>514-638-5919<\/strong>\u00a0pour avoir plus d\u2019informations<\/p>\n\n\n\n<div style=\"height:100px\" aria-hidden=\"true\" class=\"wp-block-spacer\"><\/div>\n","protected":false},"excerpt":{"rendered":"<p>Samedi, le 7 octobre 2023 \u00e0 9h30-11h30 \u00ab&nbsp;La c\u00e9r\u00e9monie du th\u00e9&nbsp;\u00bb ne signifie pas simplement le processus de boire du<span class=\"more-dots\">&#8230;<\/span> <span class=\"more-tag d-block mt-15\"><a class=\"more-link wp-block-button__link icon-inline\" href=\"https:\/\/centredacim.com\/index.php\/2023\/09\/14\/la-ceremonie-du-the\/\">en savoir plus...<span class=\"screen-reader-text\"> \"La c\u00e9r\u00e9monie du th\u00e9\"<\/span><\/a><\/span><!-- .more-tag --><\/p>\n","protected":false},"author":1,"featured_media":317,"comment_status":"closed","ping_status":"closed","sticky":false,"template":"","format":"standard","meta":{"_monsterinsights_skip_tracking":false,"_monsterinsights_sitenote_active":false,"_monsterinsights_sitenote_note":"","_monsterinsights_sitenote_category":0,"footnotes":""},"categories":[10],"tags":[],"aioseo_notices":[],"_links":{"self":[{"href":"https:\/\/centredacim.com\/index.php\/wp-json\/wp\/v2\/posts\/583"}],"collection":[{"href":"https:\/\/centredacim.com\/index.php\/wp-json\/wp\/v2\/posts"}],"about":[{"href":"https:\/\/centredacim.com\/index.php\/wp-json\/wp\/v2\/types\/post"}],"author":[{"embeddable":true,"href":"https:\/\/centredacim.com\/index.php\/wp-json\/wp\/v2\/users\/1"}],"replies":[{"embeddable":true,"href":"https:\/\/centredacim.com\/index.php\/wp-json\/wp\/v2\/comments?post=583"}],"version-history":[{"count":2,"href":"https:\/\/centredacim.com\/index.php\/wp-json\/wp\/v2\/posts\/583\/revisions"}],"predecessor-version":[{"id":585,"href":"https:\/\/centredacim.com\/index.php\/wp-json\/wp\/v2\/posts\/583\/revisions\/585"}],"wp:featuredmedia":[{"embeddable":true,"href":"https:\/\/centredacim.com\/index.php\/wp-json\/wp\/v2\/media\/317"}],"wp:attachment":[{"href":"https:\/\/centredacim.com\/index.php\/wp-json\/wp\/v2\/media?parent=583"}],"wp:term":[{"taxonomy":"category","embeddable":true,"href":"https:\/\/centredacim.com\/index.php\/wp-json\/wp\/v2\/categories?post=583"},{"taxonomy":"post_tag","embeddable":true,"href":"https:\/\/centredacim.com\/index.php\/wp-json\/wp\/v2\/tags?post=583"}],"curies":[{"name":"wp","href":"https:\/\/api.w.org\/{rel}","templated":true}]}}